{"id":634,"date":"2026-08-26T15:19:17","date_gmt":"2026-08-26T13:19:17","guid":{"rendered":"https:\/\/bgk.uni-obuda.hu\/fkk\/?p=634"},"modified":"2026-08-26T15:19:17","modified_gmt":"2026-08-26T13:19:17","slug":"rekordszamu-jelentkezo-az-oe-banki-kar-szakiranyu-tovabbkepzesein","status":"publish","type":"post","link":"https:\/\/bgk.uni-obuda.hu\/fkk\/rekordszamu-jelentkezo-az-oe-banki-kar-szakiranyu-tovabbkepzesein\/","title":{"rendered":"Rekordsz\u00e1m\u00fa jelentkez\u0151 az \u00d3E B\u00e1nki Kar szakir\u00e1ny\u00fa tov\u00e1bbk\u00e9pz\u00e9sein"},"content":{"rendered":"\n<p>Kimagasl\u00f3 \u00e9rdekl\u0151d\u00e9s \u00f6vezte az \u00d3budai Egyetem B\u00e1nki Don\u00e1t G\u00e9p\u00e9sz \u00e9s Biztons\u00e1gtechnikai M\u00e9rn\u00f6ki Kar <strong>Feln\u0151ttk\u00e9pz\u00e9si K\u00f6zpontja<\/strong> \u00e1ltal meghirdetett, 2026. szeptember\u00e9ben indul\u00f3 szakir\u00e1ny\u00fa tov\u00e1bbk\u00e9pz\u00e9seket \u2013 a hosszabb ideje sikeresen m\u0171k\u00f6d\u0151 k\u00e9pz\u00e9seket ugyan\u00fagy, ahogyan az \u00fajonnan indul\u00f3kat.<\/p>\n\n\n\n<p>Az \u0151sszel indul\u00f3 f\u00e9l\u00e9vet \u00edgy t\u00f6bb k\u00e9pz\u00e9s eset\u00e9ben is nagy l\u00e9tsz\u00e1m\u00fa hallgat\u00f3i csoportokkal kezdhetj\u00fck meg. Ez nemcsak programjaink n\u00e9pszer\u0171s\u00e9g\u00e9t bizony\u00edtja, hanem azt is, hogy egyre t\u00f6bben v\u00e1lasztj\u00e1k az \u00d3budai Egyetem B\u00e1nki Kar\u00e1t szakmai fejl\u0151d\u00e9s\u00fck k\u00f6vetkez\u0151 \u00e1llom\u00e1sak\u00e9nt.<\/p>\n\n\n\n<p>A jelentkez\u0151k magas sz\u00e1ma egy\u00e9rtelm\u0171en visszaigazolja, hogy a munkaer\u0151piacon egyre nagyobb ig\u00e9ny mutatkozik a gyakorlatorient\u00e1lt, naprak\u00e9sz szakmai tud\u00e1st ny\u00fajt\u00f3 tov\u00e1bbk\u00e9pz\u00e9sek ir\u00e1nt.<\/p>\n\n\n\n<p>A Feln\u0151ttk\u00e9pz\u00e9si K\u00f6zpont tov\u00e1bbra is elk\u00f6telezett amellett, hogy magas sz\u00ednvonal\u00fa, a gyakorlatban is azonnal hasznos\u00edthat\u00f3 tud\u00e1st ny\u00fajtson hallgat\u00f3inak, \u00e9s hozz\u00e1j\u00e1ruljon a szakm\u00e9rn\u00f6k\u00f6k \u00e9s szakemberek folyamatos fejl\u0151d\u00e9s\u00e9hez \u00e9s versenyk\u00e9pess\u00e9g\u00e9nek n\u00f6vel\u00e9s\u00e9hez.<\/p>\n\n\n\n<p>Jelentkez\u00e9si lap: <a href=\"https:\/\/bgk.uni-obuda.hu\/fkk\/szakiranyu-tovabbkepzesek-urlap\/\">https:\/\/bgk.uni-obuda.hu\/fkk\/szakiranyu-tovabbkepzesek-urlap\/<\/a><\/p>\n","protected":false},"excerpt":{"rendered":"<p>Kimagasl\u00f3 \u00e9rdekl\u0151d\u00e9s \u00f6vezte az \u00d3budai Egyetem B\u00e1nki Don\u00e1t G\u00e9p\u00e9sz \u00e9s Biztons\u00e1gtechnikai M\u00e9rn\u00f6ki Kar Feln\u0151ttk\u00e9pz\u00e9si K\u00f6zpontja \u00e1ltal meghirdetett, 2026. szeptember\u00e9ben indul\u00f3 szakir\u00e1ny\u00fa tov\u00e1bbk\u00e9pz\u00e9seket \u2013 a hosszabb ideje sikeresen m\u0171k\u00f6d\u0151 k\u00e9pz\u00e9seket ugyan\u00fagy, ahogyan az \u00fajonnan indul\u00f3kat. Az \u0151sszel indul\u00f3 f\u00e9l\u00e9vet \u00edgy t\u00f6bb k\u00e9pz\u00e9s eset\u00e9ben is nagy l\u00e9tsz\u00e1m\u00fa hallgat\u00f3i csoportokkal kezdhetj\u00fck meg. Ez nemcsak programjaink n\u00e9pszer\u0171s\u00e9g\u00e9t bizony\u00edtja, hanem [&hellip;]<\/p>\n","protected":false},"author":2,"featured_media":635,"comment_status":"closed","ping_status":"","sticky":false,"template":"","format":"standard","meta":{"footnotes":""},"categories":[7],"tags":[25,23,24],"class_list":["post-634","post","type-post","status-publish","format-standard","has-post-thumbnail","hentry","category-home","tag-2026-szeptember","tag-felnottkepzesi-kozpont","tag-indulo-kepzeseink"],"featured_image_src":"https:\/\/bgk.uni-obuda.hu\/fkk\/wp-content\/uploads\/2026\/08\/BGK-FKK-oszi-felev-start-image-2026.jpg","author_info":{"display_name":"hasillo.gyorgy","author_link":"https:\/\/bgk.uni-obuda.hu\/fkk\/author\/hasillo-gyorgy\/"},"_links":{"self":[{"href":"https:\/\/bgk.uni-obuda.hu\/fkk\/wp-json\/wp\/v2\/posts\/634","targetHints":{"allow":["GET"]}}],"collection":[{"href":"https:\/\/bgk.uni-obuda.hu\/fkk\/wp-json\/wp\/v2\/posts"}],"about":[{"href":"https:\/\/bgk.uni-obuda.hu\/fkk\/wp-json\/wp\/v2\/types\/post"}],"author":[{"embeddable":true,"href":"https:\/\/bgk.uni-obuda.hu\/fkk\/wp-json\/wp\/v2\/users\/2"}],"replies":[{"embeddable":true,"href":"https:\/\/bgk.uni-obuda.hu\/fkk\/wp-json\/wp\/v2\/comments?post=634"}],"version-history":[{"count":1,"href":"https:\/\/bgk.uni-obuda.hu\/fkk\/wp-json\/wp\/v2\/posts\/634\/revisions"}],"predecessor-version":[{"id":636,"href":"https:\/\/bgk.uni-obuda.hu\/fkk\/wp-json\/wp\/v2\/posts\/634\/revisions\/636"}],"wp:featuredmedia":[{"embeddable":true,"href":"https:\/\/bgk.uni-obuda.hu\/fkk\/wp-json\/wp\/v2\/media\/635"}],"wp:attachment":[{"href":"https:\/\/bgk.uni-obuda.hu\/fkk\/wp-json\/wp\/v2\/media?parent=634"}],"wp:term":[{"taxonomy":"category","embeddable":true,"href":"https:\/\/bgk.uni-obuda.hu\/fkk\/wp-json\/wp\/v2\/categories?post=634"},{"taxonomy":"post_tag","embeddable":true,"href":"https:\/\/bgk.uni-obuda.hu\/fkk\/wp-json\/wp\/v2\/tags?post=634"}],"curies":[{"name":"wp","href":"https:\/\/api.w.org\/{rel}","templated":true}]}}